{"id":4474,"date":"2025-05-17T16:43:44","date_gmt":"2025-05-17T16:43:44","guid":{"rendered":"https:\/\/sommerlich.art\/?p=4474"},"modified":"2025-05-18T17:35:13","modified_gmt":"2025-05-18T17:35:13","slug":"himmelfahrt","status":"publish","type":"post","link":"https:\/\/sommerlich.art\/en\/himmelfahrt\/","title":{"rendered":"Ascension"},"content":{"rendered":"\n<p>Als K\u00fcnstler uns selbstdefinierter Symbolist stelle ich mich immer wieder gerne der Hausforderungen bekannte visuelle Motive in einen neuen Kontext zu setzen. In meinem j\u00fcngstes \u00d6lbild &#8220;Himmelfahrt&#8221; (\u00d6l auf Leinwand 48&#215;60 cm) greife ich das Thema des Lamms Gottes auf.<\/p>\n\n\n\n<p>Ich wollte ein Lamm schaffen, das St\u00e4rke und Widerstandsf\u00e4higkeit ausstrahlt, ein Wesen, das sich wehren kann um den Begriff Opferlamm oder Unschuldslamm etwas entgegenzusetzen. Das war der Ausgangspunkt f\u00fcr dieses Gem\u00e4lde. Das Lamm, in strahlendem Wei\u00df, steht hier im Kontrast zu einer dunklen, steinigen Umgebung voller Herausforderungen und Schwierigkeiten, denen das Lamm begegnet und und sie durchbricht.<\/p>\n\n\n\n<p>Dieses Gem\u00e4lde soll dazu anregen, \u00fcber die unsichtbaren inneren Kr\u00e4fte in sich selbst und in anderen nachzudenken und nicht nach dem \u00e4u\u00dferen zu urteilen. Es ist wichtig, die eigene St\u00e4rke zu erkennen und sich von \u00e4u\u00dferen Umst\u00e4nden nicht einsch\u00fcchtern zu lassen.<\/p>\n\n\n\n<p>Ich hoffe es gef\u00e4llt euch, falls ja, schaut doch auch bei meinen Social-Media Kan\u00e4len vorbei um mehr zu erfahren.<\/p>\n\n\n\n<div class=\"wp-block-group\"><div class=\"wp-block-group__inner-container is-layout-constrained wp-block-group-is-layout-constrained\">\n<p>:<\/p>\n\n\n\n<div class=\"wp-block-group\"><div class=\"wp-block-group__inner-container is-layout-constrained wp-block-group-is-layout-constrained\">\n<div class=\"wp-block-group\"><div class=\"wp-block-group__inner-container is-layout-constrained wp-block-group-is-layout-constrained\">\n<div class=\"wp-block-group\"><div class=\"wp-block-group__inner-container is-layout-constrained wp-block-group-is-layout-constrained\">\n<div class=\"wp-block-group\"><div class=\"wp-block-group__inner-container is-layout-constrained wp-block-group-is-layout-constrained\">\n<ul class=\"wp-block-social-links is-content-justification-center is-layout-flex wp-container-core-social-links-is-layout-16018d1d wp-block-social-links-is-layout-flex\"><li class=\"wp-social-link wp-social-link-instagram  wp-block-social-link\"><a href=\"https:\/\/www.instagram.com\/reel\/DJynoVdtdSC\/\" class=\"wp-block-social-link-anchor\"><svg width=\"24\" height=\"24\" viewBox=\"0 0 24 24\" version=\"1.1\" xmlns=\"http:\/\/www.w3.org\/2000\/svg\" aria-hidden=\"true\" focusable=\"false\"><path d=\"M12,4.622c2.403,0,2.688,0.009,3.637,0.052c0.877,0.04,1.354,0.187,1.671,0.31c0.42,0.163,0.72,0.358,1.035,0.673 c0.315,0.315,0.51,0.615,0.673,1.035c0.123,0.317,0.27,0.794,0.31,1.671c0.043,0.949,0.052,1.234,0.052,3.637 s-0.009,2.688-0.052,3.637c-0.04,0.877-0.187,1.354-0.31,1.671c-0.163,0.42-0.358,0.72-0.673,1.035 c-0.315,0.315-0.615,0.51-1.035,0.673c-0.317,0.123-0.794,0.27-1.671,0.31c-0.949,0.043-1.233,0.052-3.637,0.052 s-2.688-0.009-3.637-0.052c-0.877-0.04-1.354-0.187-1.671-0.31c-0.42-0.163-0.72-0.358-1.035-0.673 c-0.315-0.315-0.51-0.615-0.673-1.035c-0.123-0.317-0.27-0.794-0.31-1.671C4.631,14.688,4.622,14.403,4.622,12 s0.009-2.688,0.052-3.637c0.04-0.877,0.187-1.354,0.31-1.671c0.163-0.42,0.358-0.72,0.673-1.035 c0.315-0.315,0.615-0.51,1.035-0.673c0.317-0.123,0.794-0.27,1.671-0.31C9.312,4.631,9.597,4.622,12,4.622 M12,3 C9.556,3,9.249,3.01,8.289,3.054C7.331,3.098,6.677,3.25,6.105,3.472C5.513,3.702,5.011,4.01,4.511,4.511 c-0.5,0.5-0.808,1.002-1.038,1.594C3.25,6.677,3.098,7.331,3.054,8.289C3.01,9.249,3,9.556,3,12c0,2.444,0.01,2.751,0.054,3.711 c0.044,0.958,0.196,1.612,0.418,2.185c0.23,0.592,0.538,1.094,1.038,1.594c0.5,0.5,1.002,0.808,1.594,1.038 c0.572,0.222,1.227,0.375,2.185,0.418C9.249,20.99,9.556,21,12,21s2.751-0.01,3.711-0.054c0.958-0.044,1.612-0.196,2.185-0.418 c0.592-0.23,1.094-0.538,1.594-1.038c0.5-0.5,0.808-1.002,1.038-1.594c0.222-0.572,0.375-1.227,0.418-2.185 C20.99,14.751,21,14.444,21,12s-0.01-2.751-0.054-3.711c-0.044-0.958-0.196-1.612-0.418-2.185c-0.23-0.592-0.538-1.094-1.038-1.594 c-0.5-0.5-1.002-0.808-1.594-1.038c-0.572-0.222-1.227-0.375-2.185-0.418C14.751,3.01,14.444,3,12,3L12,3z M12,7.378 c-2.552,0-4.622,2.069-4.622,4.622S9.448,16.622,12,16.622s4.622-2.069,4.622-4.622S14.552,7.378,12,7.378z M12,15 c-1.657,0-3-1.343-3-3s1.343-3,3-3s3,1.343,3,3S13.657,15,12,15z M16.804,6.116c-0.596,0-1.08,0.484-1.08,1.08 s0.484,1.08,1.08,1.08c0.596,0,1.08-0.484,1.08-1.08S17.401,6.116,16.804,6.116z\"><\/path><\/svg><span class=\"wp-block-social-link-label screen-reader-text\">Instagram<\/span><\/a><\/li>\n\n<li class=\"wp-social-link wp-social-link-mastodon  wp-block-social-link\"><a href=\"https:\/\/mastodon.art\/@brandkopf\/114529837694280499\" class=\"wp-block-social-link-anchor\"><svg width=\"24\" height=\"24\" viewBox=\"0 0 24 24\" version=\"1.1\" xmlns=\"http:\/\/www.w3.org\/2000\/svg\" aria-hidden=\"true\" focusable=\"false\"><path d=\"M23.193 7.879c0-5.206-3.411-6.732-3.411-6.732C18.062.357 15.108.025 12.041 0h-.076c-3.068.025-6.02.357-7.74 1.147 0 0-3.411 1.526-3.411 6.732 0 1.192-.023 2.618.015 4.129.124 5.092.934 10.109 5.641 11.355 2.17.574 4.034.695 5.535.612 2.722-.15 4.25-.972 4.25-.972l-.09-1.975s-1.945.613-4.129.539c-2.165-.074-4.449-.233-4.799-2.891a5.499 5.499 0 0 1-.048-.745s2.125.52 4.817.643c1.646.075 3.19-.097 4.758-.283 3.007-.359 5.625-2.212 5.954-3.905.517-2.665.475-6.507.475-6.507zm-4.024 6.709h-2.497V8.469c0-1.29-.543-1.944-1.628-1.944-1.2 0-1.802.776-1.802 2.312v3.349h-2.483v-3.35c0-1.536-.602-2.312-1.802-2.312-1.085 0-1.628.655-1.628 1.944v6.119H4.832V8.284c0-1.289.328-2.313.987-3.07.68-.758 1.569-1.146 2.674-1.146 1.278 0 2.246.491 2.886 1.474L12 6.585l.622-1.043c.64-.983 1.608-1.474 2.886-1.474 1.104 0 1.994.388 2.674 1.146.658.757.986 1.781.986 3.07v6.304z\"\/><\/svg><span class=\"wp-block-social-link-label screen-reader-text\">Mastodon<\/span><\/a><\/li><\/ul>\n<\/div><\/div>\n<\/div><\/div>\n\n\n\n<div style=\"height:22px\" aria-hidden=\"true\" class=\"wp-block-spacer\"><\/div>\n<\/div><\/div>\n<\/div><\/div>\n\n\n<div class=\"pgc-sgb-cb wp-block-pgcsimplygalleryblock-viewer \" data-gallery-id=\"d9a92967\"><div class=\"sgb-preloader\" id=\"pr_d9a92967\">\n\t<div class=\"sgb-square\" style=\"background:#d4d4d4\"><\/div>\n\t<div class=\"sgb-square\" style=\"background:#d4d4d4\"><\/div>\n\t<div class=\"sgb-square\" style=\"background:#d4d4d4\"><\/div>\n\t<div class=\"sgb-square\" style=\"background:#d4d4d4\"><\/div><\/div><div class=\"simply-gallery-amp pgc_sgb_slider \"><noscript><div class=\"sgb-gallery\"><div class=\"sgb-item\"><a href=\"https:\/\/sommerlich.art\/?attachment_id=4475\" target=\"_blank\"><img decoding=\"async\" alt=\"Ein dramatisches \u00d6lgem\u00e4lde stellt ein wei\u00dfes Lamm in der Mitte eines dunklen, wirbelnden Hintergrunds aus felsen dar. Goldene Lichtstrahlen scheinen vom Lamm auszugehen und durchbrechen die Dunkelheit, was Hoffnung, Erl\u00f6sung oder g\u00f6ttliche Pr\u00e4senz symbolisiert.\" width=\"300\" height=\"240\" loading=\"lazy\" src=\"https:\/\/sommerlich.art\/wp-content\/uploads\/Ascension_Andreas-Sommer_HD_web-300x240.jpg\" srcset=\"https:\/\/sommerlich.art\/wp-content\/uploads\/Ascension_Andreas-Sommer_HD_web-300x240.jpg 300w,https:\/\/sommerlich.art\/wp-content\/uploads\/Ascension_Andreas-Sommer_HD_web-1024x819.jpg 1024w,https:\/\/sommerlich.art\/wp-content\/uploads\/Ascension_Andreas-Sommer_HD_web.jpg 1627w\" sizes=\"auto, 250px\"\/><\/a><div class=\"sgb-item-caption\"><em>&#8220;Himmelfahrt&#8221; \u00d6l auf Leinwand 48&#215;60 cm<\/em><\/div><\/div><div class=\"sgb-item\"><video controls preload=\"none\"  src=\"https:\/\/sommerlich.art\/wp-content\/uploads\/JudgementDay_Ascension_prod4_final.mp4\"><\/video><\/div><div class=\"sgb-item\"><a href=\"https:\/\/sommerlich.art\/?attachment_id=4477\" target=\"_blank\"><img decoding=\"async\" alt=\"Unfertiges \u00d6lgem\u00e4lde eines springenden Lamms \u00fcber zersplitternden Felsbrocken.\" width=\"300\" height=\"169\" loading=\"lazy\" src=\"https:\/\/sommerlich.art\/wp-content\/uploads\/Himmelfahrt-Untermalung_Andreas-Sommer_web-300x169.jpg\" srcset=\"https:\/\/sommerlich.art\/wp-content\/uploads\/Himmelfahrt-Untermalung_Andreas-Sommer_web-300x169.jpg 300w,https:\/\/sommerlich.art\/wp-content\/uploads\/Himmelfahrt-Untermalung_Andreas-Sommer_web-1024x576.jpg 1024w,https:\/\/sommerlich.art\/wp-content\/uploads\/Himmelfahrt-Untermalung_Andreas-Sommer_web.jpg 1627w\" sizes=\"auto, 250px\"\/><\/a><div class=\"sgb-item-caption\"><em>&#8220;Himmelfahrt&#8221; Untermalung fr\u00fches Stadium<\/em><\/div><\/div><div class=\"sgb-item\"><a href=\"https:\/\/sommerlich.art\/?attachment_id=4479\" target=\"_blank\"><img decoding=\"async\" alt=\"Digital Painting eines springenden Lamms umgeben von Energielinien\" width=\"300\" height=\"217\" loading=\"lazy\" src=\"https:\/\/sommerlich.art\/wp-content\/uploads\/Himmelfahrt-Digital-Concept-Andras-Sommer_web-300x217.jpg\" srcset=\"https:\/\/sommerlich.art\/wp-content\/uploads\/Himmelfahrt-Digital-Concept-Andras-Sommer_web-300x217.jpg 300w,https:\/\/sommerlich.art\/wp-content\/uploads\/Himmelfahrt-Digital-Concept-Andras-Sommer_web-1024x741.jpg 1024w,https:\/\/sommerlich.art\/wp-content\/uploads\/Himmelfahrt-Digital-Concept-Andras-Sommer_web.jpg 1205w\" sizes=\"auto, 250px\"\/><\/a><div class=\"sgb-item-caption\"><em>&#8220;Himmelfahrt&#8221; Fr\u00fches Digitales Concept<\/em><\/div><\/div><\/div><\/noscript><\/div><script type=\"application\/json\" class=\"sgb-data\">{\"galleryType\":\"pgc_sgb_viewer\",\"galleryId\":\"d9a92967\",\"images\":[{\"id\":4475,\"title\":\"\\u0022Himmelfahrt\\u0022\",\"url\":\"https:\/\/sommerlich.art\/wp-content\/uploads\/Ascension_Andreas-Sommer_HD_web.jpg\",\"link\":\"https:\/\/sommerlich.art\/?attachment_id=4475\",\"alt\":\"Ein dramatisches \u00d6lgem\u00e4lde stellt ein wei\u00dfes Lamm in der Mitte eines dunklen, wirbelnden Hintergrunds aus felsen dar. Goldene Lichtstrahlen scheinen vom Lamm auszugehen und durchbrechen die Dunkelheit, was Hoffnung, Erl\u00f6sung oder g\u00f6ttliche Pr\u00e4senz symbolisiert.\",\"description\":\"Ein dramatisches \u00d6lgem\u00e4lde stellt ein wei\u00dfes Lamm in der Mitte eines dunklen, wirbelnden Hintergrunds aus felsen dar. Goldene Lichtstrahlen scheinen vom Lamm auszugehen und durchbrechen die Dunkelheit, was Hoffnung, Erl\u00f6sung oder g\u00f6ttliche Pr\u00e4senz symbolisiert.\",\"caption\":\"\\u0022Himmelfahrt\\u0022 \u00d6l auf Leinwand 48x60 cm\",\"mime\":\"image\/jpeg\",\"type\":\"image\",\"width\":1627,\"height\":1302,\"sizes\":{\"thumbnail\":{\"height\":150,\"width\":150,\"url\":\"https:\/\/sommerlich.art\/wp-content\/uploads\/Ascension_Andreas-Sommer_HD_web-150x150.jpg\",\"orientation\":\"landscape\"},\"medium\":{\"height\":240,\"width\":300,\"url\":\"https:\/\/sommerlich.art\/wp-content\/uploads\/Ascension_Andreas-Sommer_HD_web-300x240.jpg\",\"orientation\":\"landscape\"},\"large\":{\"height\":819,\"width\":1024,\"url\":\"https:\/\/sommerlich.art\/wp-content\/uploads\/Ascension_Andreas-Sommer_HD_web-1024x819.jpg\",\"orientation\":\"landscape\"},\"full\":{\"url\":\"https:\/\/sommerlich.art\/wp-content\/uploads\/Ascension_Andreas-Sommer_HD_web.jpg\",\"height\":1302,\"width\":1627,\"orientation\":\"landscape\"}},\"imageMeta\":{\"aperture\":\"0\",\"credit\":\"Andreas Sommer\",\"camera\":\"\",\"caption\":\"\",\"created_timestamp\":\"0\",\"copyright\":\"Andreas Sommer\",\"focal_length\":\"0\",\"iso\":\"0\",\"shutter_speed\":\"0\",\"title\":\"\",\"orientation\":\"0\",\"keywords\":[]},\"meta\":false,\"postlink\":\"https:\/\/sommerlich.art\/?attachment_id=4475\"},{\"id\":4480,\"title\":\"\\u0022Himmelfahrt\\u0022 Social Media Promo Video\",\"url\":\"https:\/\/sommerlich.art\/wp-content\/uploads\/JudgementDay_Ascension_prod4_final.mp4\",\"link\":\"https:\/\/sommerlich.art\/?attachment_id=4480\",\"alt\":\"\",\"description\":\"\",\"caption\":\"\",\"mime\":\"video\/mp4\",\"type\":\"video\",\"image\":{\"src\":\"https:\/\/sommerlich.art\/wp-includes\/images\/media\/video.svg\",\"width\":48,\"height\":64},\"thumb\":{\"src\":\"https:\/\/sommerlich.art\/wp-includes\/images\/media\/video.svg\",\"width\":48,\"height\":64},\"width\":1080,\"height\":1920,\"fileLength\":\"1:01\",\"meta\":{\"artist\":false,\"album\":false,\"bitrate\":4489920,\"bitrate_mode\":false},\"postlink\":\"https:\/\/sommerlich.art\/?attachment_id=4480\"},{\"id\":4477,\"title\":\"\\u0022Himmelfahrt\\u0022 Untermalung fr\u00fches Stadium\",\"url\":\"https:\/\/sommerlich.art\/wp-content\/uploads\/Himmelfahrt-Untermalung_Andreas-Sommer_web.jpg\",\"link\":\"https:\/\/sommerlich.art\/?attachment_id=4477\",\"alt\":\"Unfertiges \u00d6lgem\u00e4lde eines springenden Lamms \u00fcber zersplitternden Felsbrocken.\",\"description\":\"\",\"caption\":\"\\u0022Himmelfahrt\\u0022 Untermalung fr\u00fches Stadium\",\"mime\":\"image\/jpeg\",\"type\":\"image\",\"width\":1627,\"height\":915,\"sizes\":{\"thumbnail\":{\"height\":150,\"width\":150,\"url\":\"https:\/\/sommerlich.art\/wp-content\/uploads\/Himmelfahrt-Untermalung_Andreas-Sommer_web-150x150.jpg\",\"orientation\":\"landscape\"},\"medium\":{\"height\":169,\"width\":300,\"url\":\"https:\/\/sommerlich.art\/wp-content\/uploads\/Himmelfahrt-Untermalung_Andreas-Sommer_web-300x169.jpg\",\"orientation\":\"landscape\"},\"large\":{\"height\":576,\"width\":1024,\"url\":\"https:\/\/sommerlich.art\/wp-content\/uploads\/Himmelfahrt-Untermalung_Andreas-Sommer_web-1024x576.jpg\",\"orientation\":\"landscape\"},\"full\":{\"url\":\"https:\/\/sommerlich.art\/wp-content\/uploads\/Himmelfahrt-Untermalung_Andreas-Sommer_web.jpg\",\"height\":915,\"width\":1627,\"orientation\":\"landscape\"}},\"imageMeta\":{\"aperture\":\"0\",\"credit\":\"Andreas Sommer\",\"camera\":\"\",\"caption\":\"\",\"created_timestamp\":\"0\",\"copyright\":\"Andreas Sommer\",\"focal_length\":\"0\",\"iso\":\"0\",\"shutter_speed\":\"0\",\"title\":\"\",\"orientation\":\"0\",\"keywords\":[]},\"meta\":false,\"postlink\":\"https:\/\/sommerlich.art\/?attachment_id=4477\"},{\"id\":4479,\"title\":\"\\u0022Himmelfahrt\\u0022 Fr\u00fches Digitales Concept\",\"url\":\"https:\/\/sommerlich.art\/wp-content\/uploads\/Himmelfahrt-Digital-Concept-Andras-Sommer_web.jpg\",\"link\":\"https:\/\/sommerlich.art\/?attachment_id=4479\",\"alt\":\"Digital Painting eines springenden Lamms umgeben von Energielinien\",\"description\":\"\",\"caption\":\"\\u0022Himmelfahrt\\u0022 Fr\u00fches Digitales Concept\",\"mime\":\"image\/jpeg\",\"type\":\"image\",\"width\":1205,\"height\":872,\"sizes\":{\"thumbnail\":{\"height\":150,\"width\":150,\"url\":\"https:\/\/sommerlich.art\/wp-content\/uploads\/Himmelfahrt-Digital-Concept-Andras-Sommer_web-150x150.jpg\",\"orientation\":\"landscape\"},\"medium\":{\"height\":217,\"width\":300,\"url\":\"https:\/\/sommerlich.art\/wp-content\/uploads\/Himmelfahrt-Digital-Concept-Andras-Sommer_web-300x217.jpg\",\"orientation\":\"landscape\"},\"large\":{\"height\":741,\"width\":1024,\"url\":\"https:\/\/sommerlich.art\/wp-content\/uploads\/Himmelfahrt-Digital-Concept-Andras-Sommer_web-1024x741.jpg\",\"orientation\":\"landscape\"},\"full\":{\"url\":\"https:\/\/sommerlich.art\/wp-content\/uploads\/Himmelfahrt-Digital-Concept-Andras-Sommer_web.jpg\",\"height\":872,\"width\":1205,\"orientation\":\"landscape\"}},\"imageMeta\":{\"aperture\":\"0\",\"credit\":\"Andreas Sommer\",\"camera\":\"\",\"caption\":\"\",\"created_timestamp\":\"0\",\"copyright\":\"Andreas Sommer\",\"focal_length\":\"0\",\"iso\":\"0\",\"shutter_speed\":\"0\",\"title\":\"\",\"orientation\":\"0\",\"keywords\":[]},\"meta\":false,\"postlink\":\"https:\/\/sommerlich.art\/?attachment_id=4479\"}],\"itemsMetaDataCollection\":[{\"link\":\"\",\"linkTarget\":\"_self\",\"linkText\":\"\",\"tags\":[\"\u00d6lgem\u00e4lde\",\"Tiere\",\"Fantasy\"],\"id\":4475}],\"galleryTagsList\":[\"Fantasy\",\"Tiere\",\"\u00d6lgem\u00e4lde\"],\"galleryTagsListSrc\":{\"\u00f6lgem\u00e4lde\":\"\u00d6lgem\u00e4lde\",\"tiere\":\"Tiere\",\"fantasy\":\"Fantasy\"},\"sliderItemCounterEnable\":false,\"sliderItemTitleFontSize\":17,\"sliderSocialShareEnabled\":false,\"sliderItemDownload\":false,\"collectionthumbRoundedCorners\":18,\"shareFacebook\":false,\"shareTwitter\":false,\"sharePinterest\":false,\"shareCopyLink\":false,\"TrpContentRestriction\":{\"restriction_type\":\"exclude\",\"selected_languages\":[],\"panel_open\":true}}<\/script><script>(function(){if(window.PGC_SGB && window.PGC_SGB.searcher){window.PGC_SGB.searcher.initBlocks()}})()<\/script><\/div>\n\n\n<div class=\"wp-block-buttons is-content-justification-center is-layout-flex wp-container-core-buttons-is-layout-16018d1d wp-block-buttons-is-layout-flex\">\n<div class=\"wp-block-button has-custom-width wp-block-button__width-25 back-to-gal is-style-fill\"><a class=\"wp-block-button__link has-medium-font-size has-text-align-left has-custom-font-size wp-element-button\" href=\"https:\/\/sommerlich.art\/illustration\/\" style=\"padding-top:var(--wp--preset--spacing--20);padding-right:var(--wp--preset--spacing--20);padding-bottom:var(--wp--preset--spacing--20);padding-left:var(--wp--preset--spacing--20)\">Zur Galerie<\/a><\/div>\n<\/div>\n\n\n\n<div style=\"height:112px\" aria-hidden=\"true\" class=\"wp-block-spacer\"><\/div>\n\n\n\n<hr class=\"wp-block-separator has-alpha-channel-opacity\"\/>\n\n\n\n<div style=\"height:17px\" aria-hidden=\"true\" class=\"wp-block-spacer\"><\/div>\n\n\n\n<div style=\"height:250px\" aria-hidden=\"true\" class=\"wp-block-spacer\"><\/div>\n<\/div><\/div>\n","protected":false},"excerpt":{"rendered":"<p>Als K\u00fcnstler uns selbstdefinierter Symbolist stelle ich mich immer wieder gerne der Hausforderungen bekannte visuelle Motive in einen neuen Kontext zu setzen. In meinem j\u00fcngstes \u00d6lbild &#8220;Himmelfahrt&#8221; (\u00d6l auf Leinwand 48&#215;60 cm) greife ich das Thema des Lamms Gottes auf. Ich wollte ein Lamm schaffen, das St\u00e4rke und Widerstandsf\u00e4higkeit ausstrahlt, ein Wesen, das sich wehren&#8230;<\/p>","protected":false},"author":1,"featured_media":4475,"comment_status":"open","ping_status":"open","sticky":false,"template":"","format":"standard","meta":{"pgc_sgb_lightbox_settings":"","footnotes":""},"categories":[4,1],"tags":[],"class_list":["post-4474","post","type-post","status-publish","format-standard","has-post-thumbnail","hentry","category-gallerie","category-uncategorized"],"yoast_head":"<!-- This site is optimized with the Yoast SEO plugin v27.4 - https:\/\/yoast.com\/product\/yoast-seo-wordpress\/ -->\n<title>Himmelfahrt - sommerlich.art<\/title>\n<meta name=\"robots\" content=\"index, follow, max-snippet:-1, max-image-preview:large, max-video-preview:-1\" \/>\n<link rel=\"canonical\" href=\"https:\/\/sommerlich.art\/en\/himmelfahrt\/\" \/>\n<meta property=\"og:locale\" content=\"en_US\" \/>\n<meta property=\"og:type\" content=\"article\" \/>\n<meta property=\"og:title\" content=\"Himmelfahrt - sommerlich.art\" \/>\n<meta property=\"og:description\" content=\"Als K\u00fcnstler uns selbstdefinierter Symbolist stelle ich mich immer wieder gerne der Hausforderungen bekannte visuelle Motive in einen neuen Kontext zu setzen. In meinem j\u00fcngstes \u00d6lbild &#8220;Himmelfahrt&#8221; (\u00d6l auf Leinwand 48&#215;60 cm) greife ich das Thema des Lamms Gottes auf. Ich wollte ein Lamm schaffen, das St\u00e4rke und Widerstandsf\u00e4higkeit ausstrahlt, ein Wesen, das sich wehren...\" \/>\n<meta property=\"og:url\" content=\"https:\/\/sommerlich.art\/en\/himmelfahrt\/\" \/>\n<meta property=\"og:site_name\" content=\"sommerlich.art\" \/>\n<meta property=\"article:published_time\" content=\"2025-05-17T16:43:44+00:00\" \/>\n<meta property=\"article:modified_time\" content=\"2025-05-18T17:35:13+00:00\" \/>\n<meta property=\"og:image\" content=\"https:\/\/sommerlich.art\/wp-content\/uploads\/Ascension_Andreas-Sommer_HD_web.jpg\" \/>\n\t<meta property=\"og:image:width\" content=\"1627\" \/>\n\t<meta property=\"og:image:height\" content=\"1302\" \/>\n\t<meta property=\"og:image:type\" content=\"image\/jpeg\" \/>\n<meta name=\"author\" content=\"Andreas Sommer\" \/>\n<meta name=\"twitter:card\" content=\"summary_large_image\" \/>\n<meta name=\"twitter:label1\" content=\"Written by\" \/>\n\t<meta name=\"twitter:data1\" content=\"Andreas Sommer\" \/>\n\t<meta name=\"twitter:label2\" content=\"Est. reading time\" \/>\n\t<meta name=\"twitter:data2\" content=\"2 minutes\" \/>\n<script type=\"application\/ld+json\" class=\"yoast-schema-graph\">{\"@context\":\"https:\\\/\\\/schema.org\",\"@graph\":[{\"@type\":\"Article\",\"@id\":\"https:\\\/\\\/sommerlich.art\\\/himmelfahrt\\\/#article\",\"isPartOf\":{\"@id\":\"https:\\\/\\\/sommerlich.art\\\/himmelfahrt\\\/\"},\"author\":{\"name\":\"Andreas Sommer\",\"@id\":\"https:\\\/\\\/sommerlich.art\\\/#\\\/schema\\\/person\\\/8bc7b56905686a144f8e8e501dccf0a1\"},\"headline\":\"Himmelfahrt\",\"datePublished\":\"2025-05-17T16:43:44+00:00\",\"dateModified\":\"2025-05-18T17:35:13+00:00\",\"mainEntityOfPage\":{\"@id\":\"https:\\\/\\\/sommerlich.art\\\/himmelfahrt\\\/\"},\"wordCount\":191,\"commentCount\":0,\"publisher\":{\"@id\":\"https:\\\/\\\/sommerlich.art\\\/#\\\/schema\\\/person\\\/8bc7b56905686a144f8e8e501dccf0a1\"},\"image\":{\"@id\":\"https:\\\/\\\/sommerlich.art\\\/himmelfahrt\\\/#primaryimage\"},\"thumbnailUrl\":\"https:\\\/\\\/sommerlich.art\\\/wp-content\\\/uploads\\\/Ascension_Andreas-Sommer_HD_web.jpg\",\"articleSection\":[\"gallerie\"],\"inLanguage\":\"en-US\",\"potentialAction\":[{\"@type\":\"CommentAction\",\"name\":\"Comment\",\"target\":[\"https:\\\/\\\/sommerlich.art\\\/himmelfahrt\\\/#respond\"]}]},{\"@type\":\"WebPage\",\"@id\":\"https:\\\/\\\/sommerlich.art\\\/himmelfahrt\\\/\",\"url\":\"https:\\\/\\\/sommerlich.art\\\/himmelfahrt\\\/\",\"name\":\"Himmelfahrt - sommerlich.art\",\"isPartOf\":{\"@id\":\"https:\\\/\\\/sommerlich.art\\\/#website\"},\"primaryImageOfPage\":{\"@id\":\"https:\\\/\\\/sommerlich.art\\\/himmelfahrt\\\/#primaryimage\"},\"image\":{\"@id\":\"https:\\\/\\\/sommerlich.art\\\/himmelfahrt\\\/#primaryimage\"},\"thumbnailUrl\":\"https:\\\/\\\/sommerlich.art\\\/wp-content\\\/uploads\\\/Ascension_Andreas-Sommer_HD_web.jpg\",\"datePublished\":\"2025-05-17T16:43:44+00:00\",\"dateModified\":\"2025-05-18T17:35:13+00:00\",\"breadcrumb\":{\"@id\":\"https:\\\/\\\/sommerlich.art\\\/himmelfahrt\\\/#breadcrumb\"},\"inLanguage\":\"en-US\",\"potentialAction\":[{\"@type\":\"ReadAction\",\"target\":[\"https:\\\/\\\/sommerlich.art\\\/himmelfahrt\\\/\"]}]},{\"@type\":\"ImageObject\",\"inLanguage\":\"en-US\",\"@id\":\"https:\\\/\\\/sommerlich.art\\\/himmelfahrt\\\/#primaryimage\",\"url\":\"https:\\\/\\\/sommerlich.art\\\/wp-content\\\/uploads\\\/Ascension_Andreas-Sommer_HD_web.jpg\",\"contentUrl\":\"https:\\\/\\\/sommerlich.art\\\/wp-content\\\/uploads\\\/Ascension_Andreas-Sommer_HD_web.jpg\",\"width\":1627,\"height\":1302,\"caption\":\"\\\"Himmelfahrt\\\" \u00d6l auf Leinwand 48x60 cm\"},{\"@type\":\"BreadcrumbList\",\"@id\":\"https:\\\/\\\/sommerlich.art\\\/himmelfahrt\\\/#breadcrumb\",\"itemListElement\":[{\"@type\":\"ListItem\",\"position\":1,\"name\":\"Home\",\"item\":\"https:\\\/\\\/sommerlich.art\\\/\"},{\"@type\":\"ListItem\",\"position\":2,\"name\":\"Himmelfahrt\"}]},{\"@type\":\"WebSite\",\"@id\":\"https:\\\/\\\/sommerlich.art\\\/#website\",\"url\":\"https:\\\/\\\/sommerlich.art\\\/\",\"name\":\"sommerlich.art\",\"description\":\"Fantastisch Realistische Kunst\",\"publisher\":{\"@id\":\"https:\\\/\\\/sommerlich.art\\\/#\\\/schema\\\/person\\\/8bc7b56905686a144f8e8e501dccf0a1\"},\"potentialAction\":[{\"@type\":\"SearchAction\",\"target\":{\"@type\":\"EntryPoint\",\"urlTemplate\":\"https:\\\/\\\/sommerlich.art\\\/?s={search_term_string}\"},\"query-input\":{\"@type\":\"PropertyValueSpecification\",\"valueRequired\":true,\"valueName\":\"search_term_string\"}}],\"inLanguage\":\"en-US\"},{\"@type\":[\"Person\",\"Organization\"],\"@id\":\"https:\\\/\\\/sommerlich.art\\\/#\\\/schema\\\/person\\\/8bc7b56905686a144f8e8e501dccf0a1\",\"name\":\"Andreas Sommer\",\"image\":{\"@type\":\"ImageObject\",\"inLanguage\":\"en-US\",\"@id\":\"https:\\\/\\\/sommerlich.art\\\/wp-content\\\/uploads\\\/brandkopf_230219_reddish.png\",\"url\":\"https:\\\/\\\/sommerlich.art\\\/wp-content\\\/uploads\\\/brandkopf_230219_reddish.png\",\"contentUrl\":\"https:\\\/\\\/sommerlich.art\\\/wp-content\\\/uploads\\\/brandkopf_230219_reddish.png\",\"width\":500,\"height\":503,\"caption\":\"Andreas Sommer\"},\"logo\":{\"@id\":\"https:\\\/\\\/sommerlich.art\\\/wp-content\\\/uploads\\\/brandkopf_230219_reddish.png\"},\"sameAs\":[\"https:\\\/\\\/sommerlich.art\",\"sommerlich.art\"],\"url\":\"https:\\\/\\\/sommerlich.art\\\/en\\\/author\\\/brandkopf\\\/\"}]}<\/script>\n<!-- \/ Yoast SEO plugin. -->","yoast_head_json":{"title":"Himmelfahrt - sommerlich.art","robots":{"index":"index","follow":"follow","max-snippet":"max-snippet:-1","max-image-preview":"max-image-preview:large","max-video-preview":"max-video-preview:-1"},"canonical":"https:\/\/sommerlich.art\/en\/himmelfahrt\/","og_locale":"en_US","og_type":"article","og_title":"Himmelfahrt - sommerlich.art","og_description":"Als K\u00fcnstler uns selbstdefinierter Symbolist stelle ich mich immer wieder gerne der Hausforderungen bekannte visuelle Motive in einen neuen Kontext zu setzen. In meinem j\u00fcngstes \u00d6lbild &#8220;Himmelfahrt&#8221; (\u00d6l auf Leinwand 48&#215;60 cm) greife ich das Thema des Lamms Gottes auf. Ich wollte ein Lamm schaffen, das St\u00e4rke und Widerstandsf\u00e4higkeit ausstrahlt, ein Wesen, das sich wehren...","og_url":"https:\/\/sommerlich.art\/en\/himmelfahrt\/","og_site_name":"sommerlich.art","article_published_time":"2025-05-17T16:43:44+00:00","article_modified_time":"2025-05-18T17:35:13+00:00","og_image":[{"width":1627,"height":1302,"url":"https:\/\/sommerlich.art\/wp-content\/uploads\/Ascension_Andreas-Sommer_HD_web.jpg","type":"image\/jpeg"}],"author":"Andreas Sommer","twitter_card":"summary_large_image","twitter_misc":{"Written by":"Andreas Sommer","Est. reading time":"2 minutes"},"schema":{"@context":"https:\/\/schema.org","@graph":[{"@type":"Article","@id":"https:\/\/sommerlich.art\/himmelfahrt\/#article","isPartOf":{"@id":"https:\/\/sommerlich.art\/himmelfahrt\/"},"author":{"name":"Andreas Sommer","@id":"https:\/\/sommerlich.art\/#\/schema\/person\/8bc7b56905686a144f8e8e501dccf0a1"},"headline":"Himmelfahrt","datePublished":"2025-05-17T16:43:44+00:00","dateModified":"2025-05-18T17:35:13+00:00","mainEntityOfPage":{"@id":"https:\/\/sommerlich.art\/himmelfahrt\/"},"wordCount":191,"commentCount":0,"publisher":{"@id":"https:\/\/sommerlich.art\/#\/schema\/person\/8bc7b56905686a144f8e8e501dccf0a1"},"image":{"@id":"https:\/\/sommerlich.art\/himmelfahrt\/#primaryimage"},"thumbnailUrl":"https:\/\/sommerlich.art\/wp-content\/uploads\/Ascension_Andreas-Sommer_HD_web.jpg","articleSection":["gallerie"],"inLanguage":"en-US","potentialAction":[{"@type":"CommentAction","name":"Comment","target":["https:\/\/sommerlich.art\/himmelfahrt\/#respond"]}]},{"@type":"WebPage","@id":"https:\/\/sommerlich.art\/himmelfahrt\/","url":"https:\/\/sommerlich.art\/himmelfahrt\/","name":"Himmelfahrt - sommerlich.art","isPartOf":{"@id":"https:\/\/sommerlich.art\/#website"},"primaryImageOfPage":{"@id":"https:\/\/sommerlich.art\/himmelfahrt\/#primaryimage"},"image":{"@id":"https:\/\/sommerlich.art\/himmelfahrt\/#primaryimage"},"thumbnailUrl":"https:\/\/sommerlich.art\/wp-content\/uploads\/Ascension_Andreas-Sommer_HD_web.jpg","datePublished":"2025-05-17T16:43:44+00:00","dateModified":"2025-05-18T17:35:13+00:00","breadcrumb":{"@id":"https:\/\/sommerlich.art\/himmelfahrt\/#breadcrumb"},"inLanguage":"en-US","potentialAction":[{"@type":"ReadAction","target":["https:\/\/sommerlich.art\/himmelfahrt\/"]}]},{"@type":"ImageObject","inLanguage":"en-US","@id":"https:\/\/sommerlich.art\/himmelfahrt\/#primaryimage","url":"https:\/\/sommerlich.art\/wp-content\/uploads\/Ascension_Andreas-Sommer_HD_web.jpg","contentUrl":"https:\/\/sommerlich.art\/wp-content\/uploads\/Ascension_Andreas-Sommer_HD_web.jpg","width":1627,"height":1302,"caption":"\"Himmelfahrt\" \u00d6l auf Leinwand 48x60 cm"},{"@type":"BreadcrumbList","@id":"https:\/\/sommerlich.art\/himmelfahrt\/#breadcrumb","itemListElement":[{"@type":"ListItem","position":1,"name":"Home","item":"https:\/\/sommerlich.art\/"},{"@type":"ListItem","position":2,"name":"Himmelfahrt"}]},{"@type":"WebSite","@id":"https:\/\/sommerlich.art\/#website","url":"https:\/\/sommerlich.art\/","name":"sommerlich.art","description":"Fantastisch Realistische Kunst","publisher":{"@id":"https:\/\/sommerlich.art\/#\/schema\/person\/8bc7b56905686a144f8e8e501dccf0a1"},"potentialAction":[{"@type":"SearchAction","target":{"@type":"EntryPoint","urlTemplate":"https:\/\/sommerlich.art\/?s={search_term_string}"},"query-input":{"@type":"PropertyValueSpecification","valueRequired":true,"valueName":"search_term_string"}}],"inLanguage":"en-US"},{"@type":["Person","Organization"],"@id":"https:\/\/sommerlich.art\/#\/schema\/person\/8bc7b56905686a144f8e8e501dccf0a1","name":"Andreas Sommer","image":{"@type":"ImageObject","inLanguage":"en-US","@id":"https:\/\/sommerlich.art\/wp-content\/uploads\/brandkopf_230219_reddish.png","url":"https:\/\/sommerlich.art\/wp-content\/uploads\/brandkopf_230219_reddish.png","contentUrl":"https:\/\/sommerlich.art\/wp-content\/uploads\/brandkopf_230219_reddish.png","width":500,"height":503,"caption":"Andreas Sommer"},"logo":{"@id":"https:\/\/sommerlich.art\/wp-content\/uploads\/brandkopf_230219_reddish.png"},"sameAs":["https:\/\/sommerlich.art","sommerlich.art"],"url":"https:\/\/sommerlich.art\/en\/author\/brandkopf\/"}]}},"blog_post_layout_featured_media_urls":{"thumbnail":["https:\/\/sommerlich.art\/wp-content\/uploads\/Ascension_Andreas-Sommer_HD_web-150x150.jpg",150,150,true],"full":["https:\/\/sommerlich.art\/wp-content\/uploads\/Ascension_Andreas-Sommer_HD_web.jpg",1627,1302,false]},"categories_names":{"4":{"name":"gallerie","link":"https:\/\/sommerlich.art\/en\/category\/gallerie\/"},"1":{"name":"Uncategorized","link":"https:\/\/sommerlich.art\/en\/category\/uncategorized\/"}},"tags_names":[],"comments_number":"0","_links":{"self":[{"href":"https:\/\/sommerlich.art\/en\/wp-json\/wp\/v2\/posts\/4474","targetHints":{"allow":["GET"]}}],"collection":[{"href":"https:\/\/sommerlich.art\/en\/wp-json\/wp\/v2\/posts"}],"about":[{"href":"https:\/\/sommerlich.art\/en\/wp-json\/wp\/v2\/types\/post"}],"author":[{"embeddable":true,"href":"https:\/\/sommerlich.art\/en\/wp-json\/wp\/v2\/users\/1"}],"replies":[{"embeddable":true,"href":"https:\/\/sommerlich.art\/en\/wp-json\/wp\/v2\/comments?post=4474"}],"version-history":[{"count":3,"href":"https:\/\/sommerlich.art\/en\/wp-json\/wp\/v2\/posts\/4474\/revisions"}],"predecessor-version":[{"id":4487,"href":"https:\/\/sommerlich.art\/en\/wp-json\/wp\/v2\/posts\/4474\/revisions\/4487"}],"wp:featuredmedia":[{"embeddable":true,"href":"https:\/\/sommerlich.art\/en\/wp-json\/wp\/v2\/media\/4475"}],"wp:attachment":[{"href":"https:\/\/sommerlich.art\/en\/wp-json\/wp\/v2\/media?parent=4474"}],"wp:term":[{"taxonomy":"category","embeddable":true,"href":"https:\/\/sommerlich.art\/en\/wp-json\/wp\/v2\/categories?post=4474"},{"taxonomy":"post_tag","embeddable":true,"href":"https:\/\/sommerlich.art\/en\/wp-json\/wp\/v2\/tags?post=4474"}],"curies":[{"name":"wp","href":"https:\/\/api.w.org\/{rel}","templated":true}]}}