{"id":4193,"date":"2025-03-15T08:48:44","date_gmt":"2025-03-15T08:48:44","guid":{"rendered":"https:\/\/sommerlich.art\/?p=4193"},"modified":"2025-04-15T17:42:32","modified_gmt":"2025-04-15T17:42:32","slug":"luftjagerin","status":"publish","type":"post","link":"https:\/\/sommerlich.art\/en\/luftjagerin\/","title":{"rendered":"Luftj\u00e4gerin"},"content":{"rendered":"\n<div class=\"wp-block-group\"><div class=\"wp-block-group__inner-container is-layout-constrained wp-block-group-is-layout-constrained\">\n<p>Es ist wieder so weit, frischer Output von meinen Zugfahren. Diese Zeichnung entstand \u00fcber mehrere Tage hinweg auf meinem kleinen Klappstuhl in der Regionalbahn, wobei mir oft genug die stehenden Fahrg\u00e4ste sehr nahe kamen und sich einmal sogar eine ganze Schulklasse um mich gedr\u00e4ngelt hat.<\/p>\n\n\n\n<p>Trotz all dieser, f\u00fcr mich leider normalen, Herausforderungen bin ich mit dem Resultat doch zufrieden und es spr\u00fcht vor Magie \ud83d\udc26\u200d\ud83d\udd25. <\/p>\n\n\n\n<p>Jedoch bei n\u00e4chstem Mal w\u00fcrde ich es gerne besser hinbekommen, die Dynamik der Konzeptskizze auch im gro\u00dfen Bild besser einfangen zu k\u00f6nnen.<\/p>\n\n\n\n<p>Es w\u00fcrde mich freuen, wenn ihr auch auf Social-Media vorbeischaut und dort mein neues Werk geb\u00fchrend w\u00fcrdigt. \ud83d\ude01 #magicart #darkfantasy<\/p>\n\n\n\n<div class=\"wp-block-group\"><div class=\"wp-block-group__inner-container is-layout-constrained wp-block-group-is-layout-constrained\">\n<div class=\"wp-block-group\"><div class=\"wp-block-group__inner-container is-layout-constrained wp-block-group-is-layout-constrained\">\n<div class=\"wp-block-group\"><div class=\"wp-block-group__inner-container is-layout-constrained wp-block-group-is-layout-constrained\">\n<div class=\"wp-block-group\"><div class=\"wp-block-group__inner-container is-layout-constrained wp-block-group-is-layout-constrained\">\n<ul class=\"wp-block-social-links is-content-justification-center is-layout-flex wp-container-core-social-links-is-layout-16018d1d wp-block-social-links-is-layout-flex\"><li class=\"wp-social-link wp-social-link-instagram  wp-block-social-link\"><a href=\"https:\/\/www.instagram.com\/p\/DHJqStHtUG2\/\" class=\"wp-block-social-link-anchor\"><svg width=\"24\" height=\"24\" viewBox=\"0 0 24 24\" version=\"1.1\" xmlns=\"http:\/\/www.w3.org\/2000\/svg\" aria-hidden=\"true\" focusable=\"false\"><path d=\"M12,4.622c2.403,0,2.688,0.009,3.637,0.052c0.877,0.04,1.354,0.187,1.671,0.31c0.42,0.163,0.72,0.358,1.035,0.673 c0.315,0.315,0.51,0.615,0.673,1.035c0.123,0.317,0.27,0.794,0.31,1.671c0.043,0.949,0.052,1.234,0.052,3.637 s-0.009,2.688-0.052,3.637c-0.04,0.877-0.187,1.354-0.31,1.671c-0.163,0.42-0.358,0.72-0.673,1.035 c-0.315,0.315-0.615,0.51-1.035,0.673c-0.317,0.123-0.794,0.27-1.671,0.31c-0.949,0.043-1.233,0.052-3.637,0.052 s-2.688-0.009-3.637-0.052c-0.877-0.04-1.354-0.187-1.671-0.31c-0.42-0.163-0.72-0.358-1.035-0.673 c-0.315-0.315-0.51-0.615-0.673-1.035c-0.123-0.317-0.27-0.794-0.31-1.671C4.631,14.688,4.622,14.403,4.622,12 s0.009-2.688,0.052-3.637c0.04-0.877,0.187-1.354,0.31-1.671c0.163-0.42,0.358-0.72,0.673-1.035 c0.315-0.315,0.615-0.51,1.035-0.673c0.317-0.123,0.794-0.27,1.671-0.31C9.312,4.631,9.597,4.622,12,4.622 M12,3 C9.556,3,9.249,3.01,8.289,3.054C7.331,3.098,6.677,3.25,6.105,3.472C5.513,3.702,5.011,4.01,4.511,4.511 c-0.5,0.5-0.808,1.002-1.038,1.594C3.25,6.677,3.098,7.331,3.054,8.289C3.01,9.249,3,9.556,3,12c0,2.444,0.01,2.751,0.054,3.711 c0.044,0.958,0.196,1.612,0.418,2.185c0.23,0.592,0.538,1.094,1.038,1.594c0.5,0.5,1.002,0.808,1.594,1.038 c0.572,0.222,1.227,0.375,2.185,0.418C9.249,20.99,9.556,21,12,21s2.751-0.01,3.711-0.054c0.958-0.044,1.612-0.196,2.185-0.418 c0.592-0.23,1.094-0.538,1.594-1.038c0.5-0.5,0.808-1.002,1.038-1.594c0.222-0.572,0.375-1.227,0.418-2.185 C20.99,14.751,21,14.444,21,12s-0.01-2.751-0.054-3.711c-0.044-0.958-0.196-1.612-0.418-2.185c-0.23-0.592-0.538-1.094-1.038-1.594 c-0.5-0.5-1.002-0.808-1.594-1.038c-0.572-0.222-1.227-0.375-2.185-0.418C14.751,3.01,14.444,3,12,3L12,3z M12,7.378 c-2.552,0-4.622,2.069-4.622,4.622S9.448,16.622,12,16.622s4.622-2.069,4.622-4.622S14.552,7.378,12,7.378z M12,15 c-1.657,0-3-1.343-3-3s1.343-3,3-3s3,1.343,3,3S13.657,15,12,15z M16.804,6.116c-0.596,0-1.08,0.484-1.08,1.08 s0.484,1.08,1.08,1.08c0.596,0,1.08-0.484,1.08-1.08S17.401,6.116,16.804,6.116z\"><\/path><\/svg><span class=\"wp-block-social-link-label screen-reader-text\">Instagram<\/span><\/a><\/li>\n\n<li class=\"wp-social-link wp-social-link-mastodon  wp-block-social-link\"><a href=\"https:\/\/mastodon.art\/@brandkopf\/114156614789810249\" class=\"wp-block-social-link-anchor\"><svg width=\"24\" height=\"24\" viewBox=\"0 0 24 24\" version=\"1.1\" xmlns=\"http:\/\/www.w3.org\/2000\/svg\" aria-hidden=\"true\" focusable=\"false\"><path d=\"M23.193 7.879c0-5.206-3.411-6.732-3.411-6.732C18.062.357 15.108.025 12.041 0h-.076c-3.068.025-6.02.357-7.74 1.147 0 0-3.411 1.526-3.411 6.732 0 1.192-.023 2.618.015 4.129.124 5.092.934 10.109 5.641 11.355 2.17.574 4.034.695 5.535.612 2.722-.15 4.25-.972 4.25-.972l-.09-1.975s-1.945.613-4.129.539c-2.165-.074-4.449-.233-4.799-2.891a5.499 5.499 0 0 1-.048-.745s2.125.52 4.817.643c1.646.075 3.19-.097 4.758-.283 3.007-.359 5.625-2.212 5.954-3.905.517-2.665.475-6.507.475-6.507zm-4.024 6.709h-2.497V8.469c0-1.29-.543-1.944-1.628-1.944-1.2 0-1.802.776-1.802 2.312v3.349h-2.483v-3.35c0-1.536-.602-2.312-1.802-2.312-1.085 0-1.628.655-1.628 1.944v6.119H4.832V8.284c0-1.289.328-2.313.987-3.07.68-.758 1.569-1.146 2.674-1.146 1.278 0 2.246.491 2.886 1.474L12 6.585l.622-1.043c.64-.983 1.608-1.474 2.886-1.474 1.104 0 1.994.388 2.674 1.146.658.757.986 1.781.986 3.07v6.304z\"\/><\/svg><span class=\"wp-block-social-link-label screen-reader-text\">Mastodon<\/span><\/a><\/li><\/ul>\n<\/div><\/div>\n<\/div><\/div>\n\n\n\n<div style=\"height:22px\" aria-hidden=\"true\" class=\"wp-block-spacer\"><\/div>\n<\/div><\/div>\n<\/div><\/div>\n\n\n<div class=\"pgc-sgb-cb wp-block-pgcsimplygalleryblock-viewer \" data-gallery-id=\"d9a92967\"><div class=\"sgb-preloader\" id=\"pr_d9a92967\">\n\t<div class=\"sgb-square\" style=\"background:#d4d4d4\"><\/div>\n\t<div class=\"sgb-square\" style=\"background:#d4d4d4\"><\/div>\n\t<div class=\"sgb-square\" style=\"background:#d4d4d4\"><\/div>\n\t<div class=\"sgb-square\" style=\"background:#d4d4d4\"><\/div><\/div><div class=\"simply-gallery-amp pgc_sgb_slider \"><noscript><div class=\"sgb-gallery\"><div class=\"sgb-item\"><a href=\"https:\/\/sommerlich.art\/?attachment_id=4198\" target=\"_blank\"><img decoding=\"async\" alt=\"Detailreiche Zeichnung einer m\u00e4chtigen Kriegerin, die auf einem riesigen Vogel reitet und einen Speer h\u00e4lt. Das Kunstwerk f\u00e4ngt St\u00e4rke und Freiheit durch dynamische Posen und lebendige Details ein. Detailed drawing of a mighty warrior riding a giant bird and holding a spear. The artwork captures strength and freedom through dynamic poses and vivid details.\" width=\"213\" height=\"300\" loading=\"lazy\" src=\"https:\/\/sommerlich.art\/wp-content\/uploads\/LuftJager_Andreas-Sommer-213x300.jpg\" srcset=\"https:\/\/sommerlich.art\/wp-content\/uploads\/LuftJager_Andreas-Sommer-213x300.jpg 213w,https:\/\/sommerlich.art\/wp-content\/uploads\/LuftJager_Andreas-Sommer-728x1024.jpg 728w,https:\/\/sommerlich.art\/wp-content\/uploads\/LuftJager_Andreas-Sommer.jpg 1156w\" sizes=\"auto, 250px\"\/><\/a><div class=\"sgb-item-caption\"><em>&#8220;Luftj\u00e4gerin&#8221; &#8211; Bleistift\/Pastell auf Papier 22x30cm<\/em><\/div><\/div><div class=\"sgb-item\"><a href=\"https:\/\/sommerlich.art\/?attachment_id=4197\" target=\"_blank\"><img decoding=\"async\" alt=\"Detailansicht der J\u00e4gerin mit ihrem versch\u00f6rkelten Bl\u00e4tterharen und einem ehrgeizigem Blick. Detailed view of the huntress with her curly hair and an ambitious epression.\" width=\"300\" height=\"300\" loading=\"lazy\" src=\"https:\/\/sommerlich.art\/wp-content\/uploads\/LuftJager_detail1_Andreas-Sommer-300x300.jpg\" srcset=\"https:\/\/sommerlich.art\/wp-content\/uploads\/LuftJager_detail1_Andreas-Sommer-300x300.jpg 300w,https:\/\/sommerlich.art\/wp-content\/uploads\/LuftJager_detail1_Andreas-Sommer.jpg 787w\" sizes=\"auto, 250px\"\/><\/a><\/div><div class=\"sgb-item\"><a href=\"https:\/\/sommerlich.art\/?attachment_id=4199\" target=\"_blank\"><img decoding=\"async\" alt=\"Grobe dynamische Bleistiftzeichnung einer Person die mit angewinkeltem Knie auf einem Tier hockt. Rough dynamic pencil drawing of a person kneeling on an animal.\" width=\"300\" height=\"300\" loading=\"lazy\" src=\"https:\/\/sommerlich.art\/wp-content\/uploads\/LuftJager-Concept-Andreas-Sommer_web-300x300.jpg\" srcset=\"https:\/\/sommerlich.art\/wp-content\/uploads\/LuftJager-Concept-Andreas-Sommer_web-300x300.jpg 300w,https:\/\/sommerlich.art\/wp-content\/uploads\/LuftJager-Concept-Andreas-Sommer_web.jpg 1000w\" sizes=\"auto, 250px\"\/><\/a><\/div><\/div><\/noscript><\/div><script type=\"application\/json\" class=\"sgb-data\">{\"galleryType\":\"pgc_sgb_viewer\",\"galleryId\":\"d9a92967\",\"images\":[{\"id\":4198,\"title\":\"\\u0022Luftj\u00e4gerin\\u0022\",\"url\":\"https:\/\/sommerlich.art\/wp-content\/uploads\/LuftJager_Andreas-Sommer.jpg\",\"link\":\"https:\/\/sommerlich.art\/?attachment_id=4198\",\"alt\":\"Detailreiche Zeichnung einer m\u00e4chtigen Kriegerin, die auf einem riesigen Vogel reitet und einen Speer h\u00e4lt. Das Kunstwerk f\u00e4ngt St\u00e4rke und Freiheit durch dynamische Posen und lebendige Details ein. Detailed drawing of a mighty warrior riding a giant bird and holding a spear. The artwork captures strength and freedom through dynamic poses and vivid details.\",\"description\":\"Detailreiche Zeichnung einer m\u00e4chtigen Kriegerin, die auf einem riesigen  Vogel reitet und einen Speer h\u00e4lt. Das Kunstwerk f\u00e4ngt St\u00e4rke und Freiheit durch dynamische Posen und lebendige Details ein.\\n\\nDetailed drawing of a mighty warrior riding a giant bird and holding a spear. The artwork captures strength and freedom through dynamic poses and vivid details.\",\"caption\":\"\\u0022Luftj\u00e4gerin\\u0022 - Bleistift\/Pastell auf Papier 22x30cm\",\"mime\":\"image\/jpeg\",\"type\":\"image\",\"width\":1156,\"height\":1627,\"sizes\":{\"thumbnail\":{\"height\":150,\"width\":150,\"url\":\"https:\/\/sommerlich.art\/wp-content\/uploads\/LuftJager_Andreas-Sommer-150x150.jpg\",\"orientation\":\"landscape\"},\"medium\":{\"height\":300,\"width\":213,\"url\":\"https:\/\/sommerlich.art\/wp-content\/uploads\/LuftJager_Andreas-Sommer-213x300.jpg\",\"orientation\":\"portrait\"},\"large\":{\"height\":1024,\"width\":728,\"url\":\"https:\/\/sommerlich.art\/wp-content\/uploads\/LuftJager_Andreas-Sommer-728x1024.jpg\",\"orientation\":\"portrait\"},\"full\":{\"url\":\"https:\/\/sommerlich.art\/wp-content\/uploads\/LuftJager_Andreas-Sommer.jpg\",\"height\":1627,\"width\":1156,\"orientation\":\"portrait\"}},\"imageMeta\":{\"aperture\":\"0\",\"credit\":\"Andreas Sommer\",\"camera\":\"\",\"caption\":\"\",\"created_timestamp\":\"0\",\"copyright\":\"Andreas Sommer\",\"focal_length\":\"0\",\"iso\":\"0\",\"shutter_speed\":\"0\",\"title\":\"\",\"orientation\":\"1\",\"keywords\":[]},\"meta\":false,\"postlink\":\"https:\/\/sommerlich.art\/?attachment_id=4198\"},{\"id\":4197,\"title\":\"\\u0022Luftj\u00e4gerin\\u0022 - Detail\",\"url\":\"https:\/\/sommerlich.art\/wp-content\/uploads\/LuftJager_detail1_Andreas-Sommer.jpg\",\"link\":\"https:\/\/sommerlich.art\/?attachment_id=4197\",\"alt\":\"Detailansicht der J\u00e4gerin mit ihrem versch\u00f6rkelten Bl\u00e4tterharen und einem ehrgeizigem Blick. Detailed view of the huntress with her curly hair and an ambitious epression.\",\"description\":\"Detailansicht der J\u00e4gerin mit ihrem versch\u00f6rkelten Bl\u00e4tterharen und einem ehrgeizigem Blick.\\nDetailed view of the huntress with her curly hair and an ambitious epression.\",\"caption\":\"\",\"mime\":\"image\/jpeg\",\"type\":\"image\",\"width\":787,\"height\":787,\"sizes\":{\"thumbnail\":{\"height\":150,\"width\":150,\"url\":\"https:\/\/sommerlich.art\/wp-content\/uploads\/LuftJager_detail1_Andreas-Sommer-150x150.jpg\",\"orientation\":\"landscape\"},\"medium\":{\"height\":300,\"width\":300,\"url\":\"https:\/\/sommerlich.art\/wp-content\/uploads\/LuftJager_detail1_Andreas-Sommer-300x300.jpg\",\"orientation\":\"landscape\"},\"full\":{\"url\":\"https:\/\/sommerlich.art\/wp-content\/uploads\/LuftJager_detail1_Andreas-Sommer.jpg\",\"height\":787,\"width\":787,\"orientation\":\"landscape\"}},\"imageMeta\":{\"aperture\":\"0\",\"credit\":\"\",\"camera\":\"\",\"caption\":\"\",\"created_timestamp\":\"0\",\"copyright\":\"\",\"focal_length\":\"0\",\"iso\":\"0\",\"shutter_speed\":\"0\",\"title\":\"\",\"orientation\":\"1\",\"keywords\":[]},\"meta\":false,\"postlink\":\"https:\/\/sommerlich.art\/?attachment_id=4197\"},{\"id\":4199,\"title\":\"\\u0022Luftj\u00e4gerin\\u0022 - Konzeptskizze\",\"url\":\"https:\/\/sommerlich.art\/wp-content\/uploads\/LuftJager-Concept-Andreas-Sommer_web.jpg\",\"link\":\"https:\/\/sommerlich.art\/?attachment_id=4199\",\"alt\":\"Grobe dynamische Bleistiftzeichnung einer Person die mit angewinkeltem Knie auf einem Tier hockt. Rough dynamic pencil drawing of a person kneeling on an animal.\",\"description\":\"Grobe dynamische Bleistiftzeichnung einer Person die mit angewinkeltem Knie auf einem Tier hockt.\\nRough dynamic pencil drawing of a person kneeling on an animal.\",\"caption\":\"\",\"mime\":\"image\/jpeg\",\"type\":\"image\",\"width\":1000,\"height\":1000,\"sizes\":{\"thumbnail\":{\"height\":150,\"width\":150,\"url\":\"https:\/\/sommerlich.art\/wp-content\/uploads\/LuftJager-Concept-Andreas-Sommer_web-150x150.jpg\",\"orientation\":\"landscape\"},\"medium\":{\"height\":300,\"width\":300,\"url\":\"https:\/\/sommerlich.art\/wp-content\/uploads\/LuftJager-Concept-Andreas-Sommer_web-300x300.jpg\",\"orientation\":\"landscape\"},\"full\":{\"url\":\"https:\/\/sommerlich.art\/wp-content\/uploads\/LuftJager-Concept-Andreas-Sommer_web.jpg\",\"height\":1000,\"width\":1000,\"orientation\":\"landscape\"}},\"imageMeta\":{\"aperture\":\"0\",\"credit\":\"Andreas Sommer\",\"camera\":\"\",\"caption\":\"\",\"created_timestamp\":\"0\",\"copyright\":\"Andreas Sommer\",\"focal_length\":\"0\",\"iso\":\"0\",\"shutter_speed\":\"0\",\"title\":\"\",\"orientation\":\"1\",\"keywords\":[]},\"meta\":false,\"postlink\":\"https:\/\/sommerlich.art\/?attachment_id=4199\"}],\"sliderItemCounterEnable\":false,\"sliderItemTitleFontSize\":17,\"sliderSocialShareEnabled\":false,\"sliderItemDownload\":false,\"collectionthumbRoundedCorners\":18,\"shareFacebook\":false,\"shareTwitter\":false,\"sharePinterest\":false,\"shareCopyLink\":false,\"TrpContentRestriction\":{\"restriction_type\":\"exclude\",\"selected_languages\":[],\"panel_open\":true},\"itemsMetaDataCollection\":[]}<\/script><script>(function(){if(window.PGC_SGB && window.PGC_SGB.searcher){window.PGC_SGB.searcher.initBlocks()}})()<\/script><\/div>\n\n\n<div class=\"wp-block-buttons is-content-justification-center is-layout-flex wp-container-core-buttons-is-layout-16018d1d wp-block-buttons-is-layout-flex\">\n<div class=\"wp-block-button has-custom-width wp-block-button__width-25 has-custom-font-size back-to-gal is-style-fill has-medium-font-size\"><a class=\"wp-block-button__link has-text-align-left wp-element-button\" href=\"https:\/\/sommerlich.art\/zeichnungen\/\" style=\"padding-top:var(--wp--preset--spacing--20);padding-right:var(--wp--preset--spacing--20);padding-bottom:var(--wp--preset--spacing--20);padding-left:var(--wp--preset--spacing--20)\">Zur Galerie<\/a><\/div>\n<\/div>\n\n\n\n<div style=\"height:112px\" aria-hidden=\"true\" class=\"wp-block-spacer\"><\/div>\n\n\n\n<hr class=\"wp-block-separator has-alpha-channel-opacity\"\/>\n\n\n<div class=\"wp-block-image\">\n<figure class=\"aligncenter size-large is-resized\"><a href=\"https:\/\/creativecommons.org\/licenses\/by-nc-sa\/4.0\/\" target=\"_blank\" rel=\"noreferrer noopener\"><img loading=\"lazy\" decoding=\"async\" width=\"1024\" height=\"358\" src=\"https:\/\/sommerlich.art\/wp-content\/uploads\/Cc-by-nc-sa_icon.svg_-1024x358.png\" alt=\"\" class=\"wp-image-4023\" style=\"width:103px;height:auto\" srcset=\"https:\/\/sommerlich.art\/wp-content\/uploads\/Cc-by-nc-sa_icon.svg_-1024x358.png 1024w, https:\/\/sommerlich.art\/wp-content\/uploads\/Cc-by-nc-sa_icon.svg_-300x105.png 300w, https:\/\/sommerlich.art\/wp-content\/uploads\/Cc-by-nc-sa_icon.svg_-768x269.png 768w, https:\/\/sommerlich.art\/wp-content\/uploads\/Cc-by-nc-sa_icon.svg_-18x6.png 18w, https:\/\/sommerlich.art\/wp-content\/uploads\/Cc-by-nc-sa_icon.svg_-850x298.png 850w, https:\/\/sommerlich.art\/wp-content\/uploads\/Cc-by-nc-sa_icon.svg_-24x8.png 24w, https:\/\/sommerlich.art\/wp-content\/uploads\/Cc-by-nc-sa_icon.svg_-36x13.png 36w, https:\/\/sommerlich.art\/wp-content\/uploads\/Cc-by-nc-sa_icon.svg_-48x17.png 48w, https:\/\/sommerlich.art\/wp-content\/uploads\/Cc-by-nc-sa_icon.svg_.png 1280w\" sizes=\"auto, (max-width: 1024px) 100vw, 1024px\" \/><\/a><\/figure>\n<\/div>\n\n\n<div style=\"height:17px\" aria-hidden=\"true\" class=\"wp-block-spacer\"><\/div>\n\n\n\n<script type=\"text\/javascript\">\nfunction getMeta(metaName) {\n  const metas = document.getElementsByTagName('meta');\n\n  for (let i = 0; i < metas.length; i++) {\n    if (metas[i].getAttribute('property') === metaName) {\n      return metas[i].getAttribute('content');\n    }\n  }\n\n  return '';\n}\n<\/script>\n\n<br>\n\n<br>\n<p><a href=\"https:\/\/sommerlich.art\/luftjagerin\/\" target=\"_blank\" rel=\"noreferrer noopener\">\"Luftj\u00e4gerin - sommerlich.art\"<\/a> by Andreas Sommer is licensed under <a href=\"https:\/\/creativecommons.org\/licenses\/by-nc-sa\/4.0\/\" target=\"_blank\" rel=\"noreferrer noopener\">CC BY-NC-SA 4.0<\/a><\/p>\n\n<button class=\"attrButton\" onclick=\"showfunction()\">Attribution HTML Code<\/button>\n\n<div id=\"attributionDIV\" style=\"display:none\">\n  <pre class=\"wp-block-code\"><code>&lt;p&gt;&lt;a href=\"<script>document.write(getMeta('og:url'))<\/script>\" target=\"_blank\" rel=\"noreferrer noopener\"&gt;\"<script>document.write(getMeta('og:title'))<\/script>\"&lt;\/a&gt; by Andreas Sommer is licensed under &lt;a href=\"https:\/\/creativecommons.org\/licenses\/by-nc-sa\/4.0\/\" target=\"_blank\" rel=\"noreferrer noopener\"&gt;CC BY-NC-SA 4.0&lt;\/a&gt;&lt;\/p&gt;<\/code><\/pre>\n<\/div> \n\n<script>\nfunction showfunction() {\n  var x = document.getElementById(\"attributionDIV\");\n  if (x.style.display === \"none\") {\n    x.style.display = \"block\";\n  } else {\n    x.style.display = \"none\";\n  }\n} \n<\/script>\n\n\n\n<div style=\"height:250px\" aria-hidden=\"true\" class=\"wp-block-spacer\"><\/div>\n<\/div><\/div>\n","protected":false},"excerpt":{"rendered":"<p>Es ist wieder so weit, frischer Output von meinen Zugfahren. Diese Zeichnung entstand \u00fcber mehrere Tage hinweg auf meinem kleinen Klappstuhl in der Regionalbahn, wobei mir oft genug die stehenden Fahrg\u00e4ste sehr nahe kamen und sich einmal sogar eine ganze Schulklasse um mich gedr\u00e4ngelt hat. Trotz all dieser, f\u00fcr mich leider normalen, Herausforderungen bin ich&#8230;<\/p>","protected":false},"author":1,"featured_media":4197,"comment_status":"open","ping_status":"open","sticky":false,"template":"","format":"standard","meta":{"pgc_sgb_lightbox_settings":"","footnotes":""},"categories":[4,1],"tags":[],"class_list":["post-4193","post","type-post","status-publish","format-standard","has-post-thumbnail","hentry","category-gallerie","category-uncategorized"],"yoast_head":"<!-- This site is optimized with the Yoast SEO plugin v27.4 - https:\/\/yoast.com\/product\/yoast-seo-wordpress\/ -->\n<title>Luftj\u00e4gerin - sommerlich.art<\/title>\n<meta name=\"description\" content=\"Entdecke eine weitere detailreiche Zeichnung von Andreas. Luftj\u00e4gerin steckt voller Dynamik und f\u00fchrt euch in wilde magische Welten #magicart\" \/>\n<meta name=\"robots\" content=\"index, follow, max-snippet:-1, max-image-preview:large, max-video-preview:-1\" \/>\n<link rel=\"canonical\" href=\"https:\/\/sommerlich.art\/en\/luftjagerin\/\" \/>\n<meta property=\"og:locale\" content=\"en_US\" \/>\n<meta property=\"og:type\" content=\"article\" \/>\n<meta property=\"og:title\" content=\"Luftj\u00e4gerin - sommerlich.art\" \/>\n<meta property=\"og:description\" content=\"Entdecke eine weitere detailreiche Zeichnung von Andreas. Luftj\u00e4gerin steckt voller Dynamik und f\u00fchrt euch in wilde magische Welten #magicart\" \/>\n<meta property=\"og:url\" content=\"https:\/\/sommerlich.art\/en\/luftjagerin\/\" \/>\n<meta property=\"og:site_name\" content=\"sommerlich.art\" \/>\n<meta property=\"article:published_time\" content=\"2025-03-15T08:48:44+00:00\" \/>\n<meta property=\"article:modified_time\" content=\"2025-04-15T17:42:32+00:00\" \/>\n<meta property=\"og:image\" content=\"https:\/\/sommerlich.art\/wp-content\/uploads\/LuftJager_detail1_Andreas-Sommer.jpg\" \/>\n\t<meta property=\"og:image:width\" content=\"787\" \/>\n\t<meta property=\"og:image:height\" content=\"787\" \/>\n\t<meta property=\"og:image:type\" content=\"image\/jpeg\" \/>\n<meta name=\"author\" content=\"Andreas Sommer\" \/>\n<meta name=\"twitter:card\" content=\"summary_large_image\" \/>\n<meta name=\"twitter:label1\" content=\"Written by\" \/>\n\t<meta name=\"twitter:data1\" content=\"Andreas Sommer\" \/>\n\t<meta name=\"twitter:label2\" content=\"Est. reading time\" \/>\n\t<meta name=\"twitter:data2\" content=\"2 minutes\" \/>\n<script type=\"application\/ld+json\" class=\"yoast-schema-graph\">{\"@context\":\"https:\\\/\\\/schema.org\",\"@graph\":[{\"@type\":\"Article\",\"@id\":\"https:\\\/\\\/sommerlich.art\\\/luftjagerin\\\/#article\",\"isPartOf\":{\"@id\":\"https:\\\/\\\/sommerlich.art\\\/luftjagerin\\\/\"},\"author\":{\"name\":\"Andreas Sommer\",\"@id\":\"https:\\\/\\\/sommerlich.art\\\/#\\\/schema\\\/person\\\/8bc7b56905686a144f8e8e501dccf0a1\"},\"headline\":\"Luftj\u00e4gerin\",\"datePublished\":\"2025-03-15T08:48:44+00:00\",\"dateModified\":\"2025-04-15T17:42:32+00:00\",\"mainEntityOfPage\":{\"@id\":\"https:\\\/\\\/sommerlich.art\\\/luftjagerin\\\/\"},\"wordCount\":146,\"commentCount\":0,\"publisher\":{\"@id\":\"https:\\\/\\\/sommerlich.art\\\/#\\\/schema\\\/person\\\/8bc7b56905686a144f8e8e501dccf0a1\"},\"image\":{\"@id\":\"https:\\\/\\\/sommerlich.art\\\/luftjagerin\\\/#primaryimage\"},\"thumbnailUrl\":\"https:\\\/\\\/sommerlich.art\\\/wp-content\\\/uploads\\\/LuftJager_detail1_Andreas-Sommer.jpg\",\"articleSection\":[\"gallerie\"],\"inLanguage\":\"en-US\",\"potentialAction\":[{\"@type\":\"CommentAction\",\"name\":\"Comment\",\"target\":[\"https:\\\/\\\/sommerlich.art\\\/luftjagerin\\\/#respond\"]}]},{\"@type\":\"WebPage\",\"@id\":\"https:\\\/\\\/sommerlich.art\\\/luftjagerin\\\/\",\"url\":\"https:\\\/\\\/sommerlich.art\\\/luftjagerin\\\/\",\"name\":\"Luftj\u00e4gerin - sommerlich.art\",\"isPartOf\":{\"@id\":\"https:\\\/\\\/sommerlich.art\\\/#website\"},\"primaryImageOfPage\":{\"@id\":\"https:\\\/\\\/sommerlich.art\\\/luftjagerin\\\/#primaryimage\"},\"image\":{\"@id\":\"https:\\\/\\\/sommerlich.art\\\/luftjagerin\\\/#primaryimage\"},\"thumbnailUrl\":\"https:\\\/\\\/sommerlich.art\\\/wp-content\\\/uploads\\\/LuftJager_detail1_Andreas-Sommer.jpg\",\"datePublished\":\"2025-03-15T08:48:44+00:00\",\"dateModified\":\"2025-04-15T17:42:32+00:00\",\"description\":\"Entdecke eine weitere detailreiche Zeichnung von Andreas. Luftj\u00e4gerin steckt voller Dynamik und f\u00fchrt euch in wilde magische Welten #magicart\",\"breadcrumb\":{\"@id\":\"https:\\\/\\\/sommerlich.art\\\/luftjagerin\\\/#breadcrumb\"},\"inLanguage\":\"en-US\",\"potentialAction\":[{\"@type\":\"ReadAction\",\"target\":[\"https:\\\/\\\/sommerlich.art\\\/luftjagerin\\\/\"]}]},{\"@type\":\"ImageObject\",\"inLanguage\":\"en-US\",\"@id\":\"https:\\\/\\\/sommerlich.art\\\/luftjagerin\\\/#primaryimage\",\"url\":\"https:\\\/\\\/sommerlich.art\\\/wp-content\\\/uploads\\\/LuftJager_detail1_Andreas-Sommer.jpg\",\"contentUrl\":\"https:\\\/\\\/sommerlich.art\\\/wp-content\\\/uploads\\\/LuftJager_detail1_Andreas-Sommer.jpg\",\"width\":787,\"height\":787,\"caption\":\"Detailansicht der J\u00e4gerin mit ihrem versch\u00f6rkelten Bl\u00e4tterharen und einem ehrgeizigem Blick. Detailed view of the huntress with her curly hair and an ambitious epression.\"},{\"@type\":\"BreadcrumbList\",\"@id\":\"https:\\\/\\\/sommerlich.art\\\/luftjagerin\\\/#breadcrumb\",\"itemListElement\":[{\"@type\":\"ListItem\",\"position\":1,\"name\":\"Home\",\"item\":\"https:\\\/\\\/sommerlich.art\\\/\"},{\"@type\":\"ListItem\",\"position\":2,\"name\":\"Luftj\u00e4gerin\"}]},{\"@type\":\"WebSite\",\"@id\":\"https:\\\/\\\/sommerlich.art\\\/#website\",\"url\":\"https:\\\/\\\/sommerlich.art\\\/\",\"name\":\"sommerlich.art\",\"description\":\"Fantastisch Realistische Kunst\",\"publisher\":{\"@id\":\"https:\\\/\\\/sommerlich.art\\\/#\\\/schema\\\/person\\\/8bc7b56905686a144f8e8e501dccf0a1\"},\"potentialAction\":[{\"@type\":\"SearchAction\",\"target\":{\"@type\":\"EntryPoint\",\"urlTemplate\":\"https:\\\/\\\/sommerlich.art\\\/?s={search_term_string}\"},\"query-input\":{\"@type\":\"PropertyValueSpecification\",\"valueRequired\":true,\"valueName\":\"search_term_string\"}}],\"inLanguage\":\"en-US\"},{\"@type\":[\"Person\",\"Organization\"],\"@id\":\"https:\\\/\\\/sommerlich.art\\\/#\\\/schema\\\/person\\\/8bc7b56905686a144f8e8e501dccf0a1\",\"name\":\"Andreas Sommer\",\"image\":{\"@type\":\"ImageObject\",\"inLanguage\":\"en-US\",\"@id\":\"https:\\\/\\\/sommerlich.art\\\/wp-content\\\/uploads\\\/brandkopf_230219_reddish.png\",\"url\":\"https:\\\/\\\/sommerlich.art\\\/wp-content\\\/uploads\\\/brandkopf_230219_reddish.png\",\"contentUrl\":\"https:\\\/\\\/sommerlich.art\\\/wp-content\\\/uploads\\\/brandkopf_230219_reddish.png\",\"width\":500,\"height\":503,\"caption\":\"Andreas Sommer\"},\"logo\":{\"@id\":\"https:\\\/\\\/sommerlich.art\\\/wp-content\\\/uploads\\\/brandkopf_230219_reddish.png\"},\"sameAs\":[\"https:\\\/\\\/sommerlich.art\",\"sommerlich.art\"],\"url\":\"https:\\\/\\\/sommerlich.art\\\/en\\\/author\\\/brandkopf\\\/\"}]}<\/script>\n<!-- \/ Yoast SEO plugin. -->","yoast_head_json":{"title":"Luftj\u00e4gerin - sommerlich.art","description":"Entdecke eine weitere detailreiche Zeichnung von Andreas. Luftj\u00e4gerin steckt voller Dynamik und f\u00fchrt euch in wilde magische Welten #magicart","robots":{"index":"index","follow":"follow","max-snippet":"max-snippet:-1","max-image-preview":"max-image-preview:large","max-video-preview":"max-video-preview:-1"},"canonical":"https:\/\/sommerlich.art\/en\/luftjagerin\/","og_locale":"en_US","og_type":"article","og_title":"Luftj\u00e4gerin - sommerlich.art","og_description":"Entdecke eine weitere detailreiche Zeichnung von Andreas. Luftj\u00e4gerin steckt voller Dynamik und f\u00fchrt euch in wilde magische Welten #magicart","og_url":"https:\/\/sommerlich.art\/en\/luftjagerin\/","og_site_name":"sommerlich.art","article_published_time":"2025-03-15T08:48:44+00:00","article_modified_time":"2025-04-15T17:42:32+00:00","og_image":[{"width":787,"height":787,"url":"https:\/\/sommerlich.art\/wp-content\/uploads\/LuftJager_detail1_Andreas-Sommer.jpg","type":"image\/jpeg"}],"author":"Andreas Sommer","twitter_card":"summary_large_image","twitter_misc":{"Written by":"Andreas Sommer","Est. reading time":"2 minutes"},"schema":{"@context":"https:\/\/schema.org","@graph":[{"@type":"Article","@id":"https:\/\/sommerlich.art\/luftjagerin\/#article","isPartOf":{"@id":"https:\/\/sommerlich.art\/luftjagerin\/"},"author":{"name":"Andreas Sommer","@id":"https:\/\/sommerlich.art\/#\/schema\/person\/8bc7b56905686a144f8e8e501dccf0a1"},"headline":"Luftj\u00e4gerin","datePublished":"2025-03-15T08:48:44+00:00","dateModified":"2025-04-15T17:42:32+00:00","mainEntityOfPage":{"@id":"https:\/\/sommerlich.art\/luftjagerin\/"},"wordCount":146,"commentCount":0,"publisher":{"@id":"https:\/\/sommerlich.art\/#\/schema\/person\/8bc7b56905686a144f8e8e501dccf0a1"},"image":{"@id":"https:\/\/sommerlich.art\/luftjagerin\/#primaryimage"},"thumbnailUrl":"https:\/\/sommerlich.art\/wp-content\/uploads\/LuftJager_detail1_Andreas-Sommer.jpg","articleSection":["gallerie"],"inLanguage":"en-US","potentialAction":[{"@type":"CommentAction","name":"Comment","target":["https:\/\/sommerlich.art\/luftjagerin\/#respond"]}]},{"@type":"WebPage","@id":"https:\/\/sommerlich.art\/luftjagerin\/","url":"https:\/\/sommerlich.art\/luftjagerin\/","name":"Luftj\u00e4gerin - sommerlich.art","isPartOf":{"@id":"https:\/\/sommerlich.art\/#website"},"primaryImageOfPage":{"@id":"https:\/\/sommerlich.art\/luftjagerin\/#primaryimage"},"image":{"@id":"https:\/\/sommerlich.art\/luftjagerin\/#primaryimage"},"thumbnailUrl":"https:\/\/sommerlich.art\/wp-content\/uploads\/LuftJager_detail1_Andreas-Sommer.jpg","datePublished":"2025-03-15T08:48:44+00:00","dateModified":"2025-04-15T17:42:32+00:00","description":"Entdecke eine weitere detailreiche Zeichnung von Andreas. Luftj\u00e4gerin steckt voller Dynamik und f\u00fchrt euch in wilde magische Welten #magicart","breadcrumb":{"@id":"https:\/\/sommerlich.art\/luftjagerin\/#breadcrumb"},"inLanguage":"en-US","potentialAction":[{"@type":"ReadAction","target":["https:\/\/sommerlich.art\/luftjagerin\/"]}]},{"@type":"ImageObject","inLanguage":"en-US","@id":"https:\/\/sommerlich.art\/luftjagerin\/#primaryimage","url":"https:\/\/sommerlich.art\/wp-content\/uploads\/LuftJager_detail1_Andreas-Sommer.jpg","contentUrl":"https:\/\/sommerlich.art\/wp-content\/uploads\/LuftJager_detail1_Andreas-Sommer.jpg","width":787,"height":787,"caption":"Detailansicht der J\u00e4gerin mit ihrem versch\u00f6rkelten Bl\u00e4tterharen und einem ehrgeizigem Blick. Detailed view of the huntress with her curly hair and an ambitious epression."},{"@type":"BreadcrumbList","@id":"https:\/\/sommerlich.art\/luftjagerin\/#breadcrumb","itemListElement":[{"@type":"ListItem","position":1,"name":"Home","item":"https:\/\/sommerlich.art\/"},{"@type":"ListItem","position":2,"name":"Luftj\u00e4gerin"}]},{"@type":"WebSite","@id":"https:\/\/sommerlich.art\/#website","url":"https:\/\/sommerlich.art\/","name":"sommerlich.art","description":"Fantastisch Realistische Kunst","publisher":{"@id":"https:\/\/sommerlich.art\/#\/schema\/person\/8bc7b56905686a144f8e8e501dccf0a1"},"potentialAction":[{"@type":"SearchAction","target":{"@type":"EntryPoint","urlTemplate":"https:\/\/sommerlich.art\/?s={search_term_string}"},"query-input":{"@type":"PropertyValueSpecification","valueRequired":true,"valueName":"search_term_string"}}],"inLanguage":"en-US"},{"@type":["Person","Organization"],"@id":"https:\/\/sommerlich.art\/#\/schema\/person\/8bc7b56905686a144f8e8e501dccf0a1","name":"Andreas Sommer","image":{"@type":"ImageObject","inLanguage":"en-US","@id":"https:\/\/sommerlich.art\/wp-content\/uploads\/brandkopf_230219_reddish.png","url":"https:\/\/sommerlich.art\/wp-content\/uploads\/brandkopf_230219_reddish.png","contentUrl":"https:\/\/sommerlich.art\/wp-content\/uploads\/brandkopf_230219_reddish.png","width":500,"height":503,"caption":"Andreas Sommer"},"logo":{"@id":"https:\/\/sommerlich.art\/wp-content\/uploads\/brandkopf_230219_reddish.png"},"sameAs":["https:\/\/sommerlich.art","sommerlich.art"],"url":"https:\/\/sommerlich.art\/en\/author\/brandkopf\/"}]}},"blog_post_layout_featured_media_urls":{"thumbnail":["https:\/\/sommerlich.art\/wp-content\/uploads\/LuftJager_detail1_Andreas-Sommer-150x150.jpg",150,150,true],"full":["https:\/\/sommerlich.art\/wp-content\/uploads\/LuftJager_detail1_Andreas-Sommer.jpg",787,787,false]},"categories_names":{"4":{"name":"gallerie","link":"https:\/\/sommerlich.art\/en\/category\/gallerie\/"},"1":{"name":"Uncategorized","link":"https:\/\/sommerlich.art\/en\/category\/uncategorized\/"}},"tags_names":[],"comments_number":"0","_links":{"self":[{"href":"https:\/\/sommerlich.art\/en\/wp-json\/wp\/v2\/posts\/4193","targetHints":{"allow":["GET"]}}],"collection":[{"href":"https:\/\/sommerlich.art\/en\/wp-json\/wp\/v2\/posts"}],"about":[{"href":"https:\/\/sommerlich.art\/en\/wp-json\/wp\/v2\/types\/post"}],"author":[{"embeddable":true,"href":"https:\/\/sommerlich.art\/en\/wp-json\/wp\/v2\/users\/1"}],"replies":[{"embeddable":true,"href":"https:\/\/sommerlich.art\/en\/wp-json\/wp\/v2\/comments?post=4193"}],"version-history":[{"count":2,"href":"https:\/\/sommerlich.art\/en\/wp-json\/wp\/v2\/posts\/4193\/revisions"}],"predecessor-version":[{"id":4202,"href":"https:\/\/sommerlich.art\/en\/wp-json\/wp\/v2\/posts\/4193\/revisions\/4202"}],"wp:featuredmedia":[{"embeddable":true,"href":"https:\/\/sommerlich.art\/en\/wp-json\/wp\/v2\/media\/4197"}],"wp:attachment":[{"href":"https:\/\/sommerlich.art\/en\/wp-json\/wp\/v2\/media?parent=4193"}],"wp:term":[{"taxonomy":"category","embeddable":true,"href":"https:\/\/sommerlich.art\/en\/wp-json\/wp\/v2\/categories?post=4193"},{"taxonomy":"post_tag","embeddable":true,"href":"https:\/\/sommerlich.art\/en\/wp-json\/wp\/v2\/tags?post=4193"}],"curies":[{"name":"wp","href":"https:\/\/api.w.org\/{rel}","templated":true}]}}